{"id":576,"date":"2019-02-25T15:35:39","date_gmt":"2019-02-25T14:35:39","guid":{"rendered":"http:\/\/cmz.pl\/?p=576"},"modified":"2019-08-28T00:16:29","modified_gmt":"2019-08-27T22:16:29","slug":"ostatnia-czesc-trylogii-o-panamerach","status":"publish","type":"post","link":"http:\/\/cmz.pl\/index.php\/2019\/02\/25\/ostatnia-czesc-trylogii-o-panamerach\/","title":{"rendered":"Ostatnia cz\u0119\u015b\u0107 trylogii o Panamerach"},"content":{"rendered":"<p>[vc_row][vc_column][vc_column_text]Dzi\u015b ostatnia cz\u0119\u015b\u0107 trylogii o Panamerach. 4S Diesel &#8211; dla jednych fuuu, dla innych cacy. ON\u00a0<span class=\"_5mfr\"><span class=\"_6qdm\">\u27bf<\/span><\/span>\u00a0jako \u017ar\u00f3d\u0142o zasilania sportowego samochodu mo\u017cna uzna\u0107 za pomys\u0142 do\u015b\u0107 kontrowersyjny. Oto kilka suchych fakt\u00f3w.<\/p>\n<p><span class=\"_5mfr\"><span class=\"_6qdm\">\u2714\ufe0f<\/span><\/span>422 KM\u00a0<span class=\"_5mfr\"><span class=\"_6qdm\">\u2714\ufe0f<\/span><\/span>850 Nm\u00a0<span class=\"_5mfr\"><span class=\"_6qdm\">\u2714\ufe0f<\/span><\/span>285 km\/h V-max\u00a0<span class=\"_5mfr\"><span class=\"_6qdm\">\u2714\ufe0f<\/span><\/span>4,3 0-100 km\/h\u00a0<span class=\"_5mfr\"><span class=\"_6qdm\">\u2714\ufe0f<\/span><\/span>4&#215;4\u00a0<span class=\"_5mfr\"><span class=\"_6qdm\">\u2714\ufe0f<\/span><\/span>PDK 8 biegowa\u00a0<span class=\"_5mfr\"><span class=\"_6qdm\">\u2714\ufe0f<\/span><\/span>V8<\/p>\n<p>Moment obrotowy wielkim przyjacielem kierowcy jest. Ciut mniej kochaj\u0105 go podzespo\u0142y, kt\u00f3re s\u0105 odpowiedzialne za przeniesienie go na ko\u0142a. 850 Nm mia\u017cd\u017cy system. Plotka g\u0142osi, \u017ce zosta\u0142 sztucz<span class=\"text_exposed_show\">nie ograniczony do tej w\u0142a\u015bnie warto\u015bci, gdy\u017c d\u0142u\u017cszej wsp\u00f3\u0142pracy z nim odmawia\u0142y p\u00f3\u0142osie.<\/span><\/p>\n<div class=\"text_exposed_show\">\n<p>Ostatnie egzemplarze wyposa\u017cone w ten silnik zjecha\u0142y z ta\u015bmy gdzie\u015b tak w sierpniu 2017 roku, potem Porsche przeprosi\u0142o za diesle, zostawiaj\u0105c w ofercie wy\u0142\u0105cznie jednostki benzynowe i hybrydowe.<\/p>\n<p>Panamera jaka jest ka\u017cdy widzi. Jak jedzie z czterokilowym dieslem? Pierwsza my\u015bl jaka przysz\u0142a mi do g\u0142owy kiedy usiad\u0142em za sterami i wyjecha\u0142em ni\u0105 na drog\u0119 publiczn\u0105, to rozczarowanie. Niby wszystko jest na miejscu, niby do przyspieszenia nie mo\u017cna si\u0119 przyczepi\u0107, ale jad\u0105c ni\u0105 nie mog\u0142em pozby\u0107 si\u0119 wra\u017cenia, \u017ce czego\u015b mi brakuje. Jest totalnie wykastrowana ze szlachetnych d\u017awi\u0119k\u00f3w generowanych przez jednostk\u0119 nap\u0119dow\u0105. Przez cztery lata u\u017cytkowa\u0142em Cayenne S Diesel z V8, kiedy postawi\u0142em obok niego Panamer\u0119 GTS, to uwierzcie mi, \u017ce wi\u0119kszo\u015b\u0107 cywili by\u0142a przekonana, \u017ce oba auta wyposa\u017cone s\u0105 w silniki benzynowe. Klekot diesla by\u0142 dla niewprawnego ucha prawie nie do odr\u00f3\u017cnienia od bulgotania benzyniaka. W przypadku tej Panamery nikt si\u0119 nie nabierze. I to chyba jedyna jej &#8222;wada&#8221;. Zalet\u0105 jest na pewno to, \u017ce na d\u0142ugim dystansie wersj\u0119 TURBO musimy tankowa\u0107 trzy razy cz\u0119\u015bciej ni\u017c tego rechocika, a rechot wcale nie b\u0119dzie turbinie oddawa\u0107 pola na autostradzie.<\/p>\n<p>Podsumowuj\u0105c zaprezentowane tu trzy siostry, mog\u0119 powiedzie\u0107, \u017ce zawsze, nawet wybudzony w nocy z g\u0142\u0119bokiego snu po du\u017cej w\u00f3dce z kolegami, wybra\u0142bym GTS&#8217;a. Amen.<\/p>\n<p>Zosta\u0142y ju\u017c tylko 23 dni do wiosny! Starocie w gara\u017cach niecierpliwie przebieraj\u0105 ju\u017c do niej ko\u0142ami\u00a0<span class=\"_5mfr\"><span class=\"_6qdm\">\ud83d\ude0a<\/span><\/span><\/p>\n<p><span class=\"_5mfr\"><span class=\"_6qdm\">\ud83d\udd19<\/span><\/span><span class=\"_5mfr\"><span class=\"_6qdm\">\u26fd\ufe0f<\/span><\/span><span class=\"_5mfr\"><span class=\"_6qdm\">\ud83d\udd1c<\/span><\/span><\/p>\n<p><a class=\"profileLink\" href=\"https:\/\/www.facebook.com\/porsche\/?__tn__=K-R&amp;eid=ARCFQBBq5EPuR2Qu3MJxmgG-CcS_REcGLO0FJXpzYbBwrbcbe94zk1ysCOmqmCRFbIjGSL9z-xXJOexy&amp;fref=mentions&amp;__xts__%5B0%5D=68.ARBAtV1eQ050xWaQ8NIwzKKwmwhwIqZXjkFZwgcm-NthgPB6wqBx72O08MP4q0VpSb2wkVvLYh-ygTMr2yko45iQP3CMnLAymzhttDR8kI7obGTVPMXboES9DMIpBM0-W13gbUM4kEApob0LXOkMxHzntsUe65xSbb0nLk9wfEKIJUzLbPFhciplAkKmGzVLDLB74hE22owUcd4s4r35QyJ-r7kTm1Qql6pAs-cOM7839oh9-WwVAGjDNb1XvioUBm6F5GIPWQVVY0JHVc5qm_8-eej9seyXrHjDAou60ZllXZAaWUbNxKDaxid7i2Jl8YuLvst21F9QAVffS6fvg-9Mxw\" data-hovercard=\"\/ajax\/hovercard\/page.php?id=53855227667&amp;extragetparams=%7B%22__tn__%22%3A%22%2CdK-R-R%22%2C%22eid%22%3A%22ARCFQBBq5EPuR2Qu3MJxmgG-CcS_REcGLO0FJXpzYbBwrbcbe94zk1ysCOmqmCRFbIjGSL9z-xXJOexy%22%2C%22fref%22%3A%22mentions%22%7D\" data-hovercard-prefer-more-content-show=\"1\">Porsche<\/a>\u00a0<a class=\"profileLink\" href=\"https:\/\/www.facebook.com\/PorschePL\/?__tn__=K-R&amp;eid=ARBcoIvveoMRmXpct6CKZEZ7p0qVSf6TTV8C7Y85AJM92LrS0PNxk-9hsWD--uELpw43cgqFH3CA1C-U&amp;fref=mentions&amp;__xts__%5B0%5D=68.ARBAtV1eQ050xWaQ8NIwzKKwmwhwIqZXjkFZwgcm-NthgPB6wqBx72O08MP4q0VpSb2wkVvLYh-ygTMr2yko45iQP3CMnLAymzhttDR8kI7obGTVPMXboES9DMIpBM0-W13gbUM4kEApob0LXOkMxHzntsUe65xSbb0nLk9wfEKIJUzLbPFhciplAkKmGzVLDLB74hE22owUcd4s4r35QyJ-r7kTm1Qql6pAs-cOM7839oh9-WwVAGjDNb1XvioUBm6F5GIPWQVVY0JHVc5qm_8-eej9seyXrHjDAou60ZllXZAaWUbNxKDaxid7i2Jl8YuLvst21F9QAVffS6fvg-9Mxw\" data-hovercard=\"\/ajax\/hovercard\/page.php?id=126390224076825&amp;extragetparams=%7B%22__tn__%22%3A%22%2CdK-R-R%22%2C%22eid%22%3A%22ARBcoIvveoMRmXpct6CKZEZ7p0qVSf6TTV8C7Y85AJM92LrS0PNxk-9hsWD--uELpw43cgqFH3CA1C-U%22%2C%22fref%22%3A%22mentions%22%7D\" data-hovercard-prefer-more-content-show=\"1\">Porsche Polska<\/a>\u00a0<a class=\"profileLink\" href=\"https:\/\/www.facebook.com\/Autocar.Izabelin\/?__tn__=K-R&amp;eid=ARDRh_Hm1H0tXQ2rj-O3b-_aduNy8OzQbsxlcMuE3tx5BH6z_rqXNOiwKAgAm8qzo0imbkXY9z6r02vT&amp;fref=mentions&amp;__xts__%5B0%5D=68.ARBAtV1eQ050xWaQ8NIwzKKwmwhwIqZXjkFZwgcm-NthgPB6wqBx72O08MP4q0VpSb2wkVvLYh-ygTMr2yko45iQP3CMnLAymzhttDR8kI7obGTVPMXboES9DMIpBM0-W13gbUM4kEApob0LXOkMxHzntsUe65xSbb0nLk9wfEKIJUzLbPFhciplAkKmGzVLDLB74hE22owUcd4s4r35QyJ-r7kTm1Qql6pAs-cOM7839oh9-WwVAGjDNb1XvioUBm6F5GIPWQVVY0JHVc5qm_8-eej9seyXrHjDAou60ZllXZAaWUbNxKDaxid7i2Jl8YuLvst21F9QAVffS6fvg-9Mxw\" data-hovercard=\"\/ajax\/hovercard\/page.php?id=248516821905222&amp;extragetparams=%7B%22__tn__%22%3A%22%2CdK-R-R%22%2C%22eid%22%3A%22ARDRh_Hm1H0tXQ2rj-O3b-_aduNy8OzQbsxlcMuE3tx5BH6z_rqXNOiwKAgAm8qzo0imbkXY9z6r02vT%22%2C%22fref%22%3A%22mentions%22%7D\" data-hovercard-prefer-more-content-show=\"1\">Autocar<\/a><\/p>\n<\/div>\n<p>[\/vc_column_text][\/vc_column][\/vc_row][vc_row][vc_column][vc_gallery type=&#8221;image_grid&#8221; images=&#8221;577,578,579,580,581,582,583,584,585,586,587,588,589,590,591,592,593,594,595,596&#8243;][\/vc_column][\/vc_row]<\/p>\n","protected":false},"excerpt":{"rendered":"<p>[vc_row][vc_column][vc_column_text]Dzi\u015b ostatnia cz\u0119\u015b\u0107 trylogii o Panamerach. 4S Diesel &#8211; dla jednych fuuu, dla innych cacy. ON\u00a0\u27bf\u00a0jako \u017ar\u00f3d\u0142o zasilania sportowego samochodu mo\u017cna uzna\u0107 za pomys\u0142 do\u015b\u0107 kontrowersyjny. Oto kilka suchych fakt\u00f3w. \u2714\ufe0f422 KM\u00a0\u2714\ufe0f850 Nm\u00a0\u2714\ufe0f285 km\/h&#46;&#46;&#46;<\/p>\n","protected":false},"author":2,"featured_media":594,"comment_status":"open","ping_status":"open","sticky":false,"template":"","format":"image","meta":[],"categories":[2,46],"tags":[114,48,47,89],"yoast_head":"<!-- This site is optimized with the Yoast SEO plugin v20.4 - https:\/\/yoast.com\/wordpress\/plugins\/seo\/ -->\n<title>Ostatnia cz\u0119\u015b\u0107 trylogii o Panamerach - Centrum Moto Zawady<\/title>\n<meta name=\"robots\" content=\"index, follow, max-snippet:-1, max-image-preview:large, max-video-preview:-1\" \/>\n<link rel=\"canonical\" href=\"http:\/\/cmz.pl\/index.php\/2019\/02\/25\/ostatnia-czesc-trylogii-o-panamerach\/\" \/>\n<meta property=\"og:locale\" content=\"pl_PL\" \/>\n<meta property=\"og:type\" content=\"article\" \/>\n<meta property=\"og:title\" content=\"Ostatnia cz\u0119\u015b\u0107 trylogii o Panamerach - Centrum Moto Zawady\" \/>\n<meta property=\"og:description\" content=\"[vc_row][vc_column][vc_column_text]Dzi\u015b ostatnia cz\u0119\u015b\u0107 trylogii o Panamerach. 4S Diesel &#8211; dla jednych fuuu, dla innych cacy. ON\u00a0\u27bf\u00a0jako \u017ar\u00f3d\u0142o zasilania sportowego samochodu mo\u017cna uzna\u0107 za pomys\u0142 do\u015b\u0107 kontrowersyjny. Oto kilka suchych fakt\u00f3w. \u2714\ufe0f422 KM\u00a0\u2714\ufe0f850 Nm\u00a0\u2714\ufe0f285 km\/h&#046;&#046;&#046;\" \/>\n<meta property=\"og:url\" content=\"http:\/\/cmz.pl\/index.php\/2019\/02\/25\/ostatnia-czesc-trylogii-o-panamerach\/\" \/>\n<meta property=\"og:site_name\" content=\"Centrum Moto Zawady\" \/>\n<meta property=\"article:publisher\" content=\"https:\/\/www.facebook.com\/CentrumMotoZawady\" \/>\n<meta property=\"article:published_time\" content=\"2019-02-25T14:35:39+00:00\" \/>\n<meta property=\"article:modified_time\" content=\"2019-08-27T22:16:29+00:00\" \/>\n<meta property=\"og:image\" content=\"http:\/\/cmz.pl\/wp-content\/uploads\/2019\/07\/53145766_2557981864271764_486997275017478144_o.jpg\" \/>\n\t<meta property=\"og:image:width\" content=\"1920\" \/>\n\t<meta property=\"og:image:height\" content=\"1280\" \/>\n\t<meta property=\"og:image:type\" content=\"image\/jpeg\" \/>\n<meta name=\"author\" content=\"Daro\" \/>\n<meta name=\"twitter:card\" content=\"summary_large_image\" \/>\n<meta name=\"twitter:label1\" content=\"Napisane przez\" \/>\n\t<meta name=\"twitter:data1\" content=\"Daro\" \/>\n\t<meta name=\"twitter:label2\" content=\"Szacowany czas czytania\" \/>\n\t<meta name=\"twitter:data2\" content=\"2 minuty\" \/>\n<script type=\"application\/ld+json\" class=\"yoast-schema-graph\">{\"@context\":\"https:\/\/schema.org\",\"@graph\":[{\"@type\":\"Article\",\"@id\":\"http:\/\/cmz.pl\/index.php\/2019\/02\/25\/ostatnia-czesc-trylogii-o-panamerach\/#article\",\"isPartOf\":{\"@id\":\"http:\/\/cmz.pl\/index.php\/2019\/02\/25\/ostatnia-czesc-trylogii-o-panamerach\/\"},\"author\":{\"name\":\"Daro\",\"@id\":\"https:\/\/cmz.pl\/#\/schema\/person\/3ee9b09f412cdc5fa1b18670e12417cb\"},\"headline\":\"Ostatnia cz\u0119\u015b\u0107 trylogii o Panamerach\",\"datePublished\":\"2019-02-25T14:35:39+00:00\",\"dateModified\":\"2019-08-27T22:16:29+00:00\",\"mainEntityOfPage\":{\"@id\":\"http:\/\/cmz.pl\/index.php\/2019\/02\/25\/ostatnia-czesc-trylogii-o-panamerach\/\"},\"wordCount\":391,\"commentCount\":0,\"publisher\":{\"@id\":\"https:\/\/cmz.pl\/#organization\"},\"keywords\":[\"4x4\",\"panamera\",\"porsche\",\"v8\"],\"articleSection\":[\"CMZ\",\"Porsche\"],\"inLanguage\":\"pl-PL\",\"potentialAction\":[{\"@type\":\"CommentAction\",\"name\":\"Comment\",\"target\":[\"http:\/\/cmz.pl\/index.php\/2019\/02\/25\/ostatnia-czesc-trylogii-o-panamerach\/#respond\"]}]},{\"@type\":\"WebPage\",\"@id\":\"http:\/\/cmz.pl\/index.php\/2019\/02\/25\/ostatnia-czesc-trylogii-o-panamerach\/\",\"url\":\"http:\/\/cmz.pl\/index.php\/2019\/02\/25\/ostatnia-czesc-trylogii-o-panamerach\/\",\"name\":\"Ostatnia cz\u0119\u015b\u0107 trylogii o Panamerach - Centrum Moto Zawady\",\"isPartOf\":{\"@id\":\"https:\/\/cmz.pl\/#website\"},\"datePublished\":\"2019-02-25T14:35:39+00:00\",\"dateModified\":\"2019-08-27T22:16:29+00:00\",\"breadcrumb\":{\"@id\":\"http:\/\/cmz.pl\/index.php\/2019\/02\/25\/ostatnia-czesc-trylogii-o-panamerach\/#breadcrumb\"},\"inLanguage\":\"pl-PL\",\"potentialAction\":[{\"@type\":\"ReadAction\",\"target\":[\"http:\/\/cmz.pl\/index.php\/2019\/02\/25\/ostatnia-czesc-trylogii-o-panamerach\/\"]}]},{\"@type\":\"BreadcrumbList\",\"@id\":\"http:\/\/cmz.pl\/index.php\/2019\/02\/25\/ostatnia-czesc-trylogii-o-panamerach\/#breadcrumb\",\"itemListElement\":[{\"@type\":\"ListItem\",\"position\":1,\"name\":\"Strona g\u0142\u00f3wna\",\"item\":\"https:\/\/cmz.pl\/\"},{\"@type\":\"ListItem\",\"position\":2,\"name\":\"Ostatnia cz\u0119\u015b\u0107 trylogii o Panamerach\"}]},{\"@type\":\"WebSite\",\"@id\":\"https:\/\/cmz.pl\/#website\",\"url\":\"https:\/\/cmz.pl\/\",\"name\":\"Centrum Moto Zawady\",\"description\":\"Blog Motoryzacyjny\",\"publisher\":{\"@id\":\"https:\/\/cmz.pl\/#organization\"},\"potentialAction\":[{\"@type\":\"SearchAction\",\"target\":{\"@type\":\"EntryPoint\",\"urlTemplate\":\"https:\/\/cmz.pl\/?s={search_term_string}\"},\"query-input\":\"required name=search_term_string\"}],\"inLanguage\":\"pl-PL\"},{\"@type\":\"Organization\",\"@id\":\"https:\/\/cmz.pl\/#organization\",\"name\":\"Centrum Moto Zawady\",\"url\":\"https:\/\/cmz.pl\/\",\"logo\":{\"@type\":\"ImageObject\",\"inLanguage\":\"pl-PL\",\"@id\":\"https:\/\/cmz.pl\/#\/schema\/logo\/image\/\",\"url\":\"http:\/\/cmz.pl\/wp-content\/uploads\/2019\/08\/CMZ_logo_new.jpg\",\"contentUrl\":\"http:\/\/cmz.pl\/wp-content\/uploads\/2019\/08\/CMZ_logo_new.jpg\",\"width\":1500,\"height\":1500,\"caption\":\"Centrum Moto Zawady\"},\"image\":{\"@id\":\"https:\/\/cmz.pl\/#\/schema\/logo\/image\/\"},\"sameAs\":[\"https:\/\/www.facebook.com\/CentrumMotoZawady\"]},{\"@type\":\"Person\",\"@id\":\"https:\/\/cmz.pl\/#\/schema\/person\/3ee9b09f412cdc5fa1b18670e12417cb\",\"name\":\"Daro\",\"image\":{\"@type\":\"ImageObject\",\"inLanguage\":\"pl-PL\",\"@id\":\"https:\/\/cmz.pl\/#\/schema\/person\/image\/\",\"url\":\"http:\/\/2.gravatar.com\/avatar\/598cfdeacf401dae7156d04f2632ffcf?s=96&d=mm&r=g\",\"contentUrl\":\"http:\/\/2.gravatar.com\/avatar\/598cfdeacf401dae7156d04f2632ffcf?s=96&d=mm&r=g\",\"caption\":\"Daro\"},\"url\":\"http:\/\/cmz.pl\/index.php\/author\/darodaro\/\"}]}<\/script>\n<!-- \/ Yoast SEO plugin. -->","yoast_head_json":{"title":"Ostatnia cz\u0119\u015b\u0107 trylogii o Panamerach - Centrum Moto Zawady","robots":{"index":"index","follow":"follow","max-snippet":"max-snippet:-1","max-image-preview":"max-image-preview:large","max-video-preview":"max-video-preview:-1"},"canonical":"http:\/\/cmz.pl\/index.php\/2019\/02\/25\/ostatnia-czesc-trylogii-o-panamerach\/","og_locale":"pl_PL","og_type":"article","og_title":"Ostatnia cz\u0119\u015b\u0107 trylogii o Panamerach - Centrum Moto Zawady","og_description":"[vc_row][vc_column][vc_column_text]Dzi\u015b ostatnia cz\u0119\u015b\u0107 trylogii o Panamerach. 4S Diesel &#8211; dla jednych fuuu, dla innych cacy. ON\u00a0\u27bf\u00a0jako \u017ar\u00f3d\u0142o zasilania sportowego samochodu mo\u017cna uzna\u0107 za pomys\u0142 do\u015b\u0107 kontrowersyjny. Oto kilka suchych fakt\u00f3w. \u2714\ufe0f422 KM\u00a0\u2714\ufe0f850 Nm\u00a0\u2714\ufe0f285 km\/h&#46;&#46;&#46;","og_url":"http:\/\/cmz.pl\/index.php\/2019\/02\/25\/ostatnia-czesc-trylogii-o-panamerach\/","og_site_name":"Centrum Moto Zawady","article_publisher":"https:\/\/www.facebook.com\/CentrumMotoZawady","article_published_time":"2019-02-25T14:35:39+00:00","article_modified_time":"2019-08-27T22:16:29+00:00","og_image":[{"width":1920,"height":1280,"url":"http:\/\/cmz.pl\/wp-content\/uploads\/2019\/07\/53145766_2557981864271764_486997275017478144_o.jpg","type":"image\/jpeg"}],"author":"Daro","twitter_card":"summary_large_image","twitter_misc":{"Napisane przez":"Daro","Szacowany czas czytania":"2 minuty"},"schema":{"@context":"https:\/\/schema.org","@graph":[{"@type":"Article","@id":"http:\/\/cmz.pl\/index.php\/2019\/02\/25\/ostatnia-czesc-trylogii-o-panamerach\/#article","isPartOf":{"@id":"http:\/\/cmz.pl\/index.php\/2019\/02\/25\/ostatnia-czesc-trylogii-o-panamerach\/"},"author":{"name":"Daro","@id":"https:\/\/cmz.pl\/#\/schema\/person\/3ee9b09f412cdc5fa1b18670e12417cb"},"headline":"Ostatnia cz\u0119\u015b\u0107 trylogii o Panamerach","datePublished":"2019-02-25T14:35:39+00:00","dateModified":"2019-08-27T22:16:29+00:00","mainEntityOfPage":{"@id":"http:\/\/cmz.pl\/index.php\/2019\/02\/25\/ostatnia-czesc-trylogii-o-panamerach\/"},"wordCount":391,"commentCount":0,"publisher":{"@id":"https:\/\/cmz.pl\/#organization"},"keywords":["4x4","panamera","porsche","v8"],"articleSection":["CMZ","Porsche"],"inLanguage":"pl-PL","potentialAction":[{"@type":"CommentAction","name":"Comment","target":["http:\/\/cmz.pl\/index.php\/2019\/02\/25\/ostatnia-czesc-trylogii-o-panamerach\/#respond"]}]},{"@type":"WebPage","@id":"http:\/\/cmz.pl\/index.php\/2019\/02\/25\/ostatnia-czesc-trylogii-o-panamerach\/","url":"http:\/\/cmz.pl\/index.php\/2019\/02\/25\/ostatnia-czesc-trylogii-o-panamerach\/","name":"Ostatnia cz\u0119\u015b\u0107 trylogii o Panamerach - Centrum Moto Zawady","isPartOf":{"@id":"https:\/\/cmz.pl\/#website"},"datePublished":"2019-02-25T14:35:39+00:00","dateModified":"2019-08-27T22:16:29+00:00","breadcrumb":{"@id":"http:\/\/cmz.pl\/index.php\/2019\/02\/25\/ostatnia-czesc-trylogii-o-panamerach\/#breadcrumb"},"inLanguage":"pl-PL","potentialAction":[{"@type":"ReadAction","target":["http:\/\/cmz.pl\/index.php\/2019\/02\/25\/ostatnia-czesc-trylogii-o-panamerach\/"]}]},{"@type":"BreadcrumbList","@id":"http:\/\/cmz.pl\/index.php\/2019\/02\/25\/ostatnia-czesc-trylogii-o-panamerach\/#breadcrumb","itemListElement":[{"@type":"ListItem","position":1,"name":"Strona g\u0142\u00f3wna","item":"https:\/\/cmz.pl\/"},{"@type":"ListItem","position":2,"name":"Ostatnia cz\u0119\u015b\u0107 trylogii o Panamerach"}]},{"@type":"WebSite","@id":"https:\/\/cmz.pl\/#website","url":"https:\/\/cmz.pl\/","name":"Centrum Moto Zawady","description":"Blog Motoryzacyjny","publisher":{"@id":"https:\/\/cmz.pl\/#organization"},"potentialAction":[{"@type":"SearchAction","target":{"@type":"EntryPoint","urlTemplate":"https:\/\/cmz.pl\/?s={search_term_string}"},"query-input":"required name=search_term_string"}],"inLanguage":"pl-PL"},{"@type":"Organization","@id":"https:\/\/cmz.pl\/#organization","name":"Centrum Moto Zawady","url":"https:\/\/cmz.pl\/","logo":{"@type":"ImageObject","inLanguage":"pl-PL","@id":"https:\/\/cmz.pl\/#\/schema\/logo\/image\/","url":"http:\/\/cmz.pl\/wp-content\/uploads\/2019\/08\/CMZ_logo_new.jpg","contentUrl":"http:\/\/cmz.pl\/wp-content\/uploads\/2019\/08\/CMZ_logo_new.jpg","width":1500,"height":1500,"caption":"Centrum Moto Zawady"},"image":{"@id":"https:\/\/cmz.pl\/#\/schema\/logo\/image\/"},"sameAs":["https:\/\/www.facebook.com\/CentrumMotoZawady"]},{"@type":"Person","@id":"https:\/\/cmz.pl\/#\/schema\/person\/3ee9b09f412cdc5fa1b18670e12417cb","name":"Daro","image":{"@type":"ImageObject","inLanguage":"pl-PL","@id":"https:\/\/cmz.pl\/#\/schema\/person\/image\/","url":"http:\/\/2.gravatar.com\/avatar\/598cfdeacf401dae7156d04f2632ffcf?s=96&d=mm&r=g","contentUrl":"http:\/\/2.gravatar.com\/avatar\/598cfdeacf401dae7156d04f2632ffcf?s=96&d=mm&r=g","caption":"Daro"},"url":"http:\/\/cmz.pl\/index.php\/author\/darodaro\/"}]}},"_links":{"self":[{"href":"http:\/\/cmz.pl\/index.php\/wp-json\/wp\/v2\/posts\/576"}],"collection":[{"href":"http:\/\/cmz.pl\/index.php\/wp-json\/wp\/v2\/posts"}],"about":[{"href":"http:\/\/cmz.pl\/index.php\/wp-json\/wp\/v2\/types\/post"}],"author":[{"embeddable":true,"href":"http:\/\/cmz.pl\/index.php\/wp-json\/wp\/v2\/users\/2"}],"replies":[{"embeddable":true,"href":"http:\/\/cmz.pl\/index.php\/wp-json\/wp\/v2\/comments?post=576"}],"version-history":[{"count":1,"href":"http:\/\/cmz.pl\/index.php\/wp-json\/wp\/v2\/posts\/576\/revisions"}],"predecessor-version":[{"id":597,"href":"http:\/\/cmz.pl\/index.php\/wp-json\/wp\/v2\/posts\/576\/revisions\/597"}],"wp:featuredmedia":[{"embeddable":true,"href":"http:\/\/cmz.pl\/index.php\/wp-json\/wp\/v2\/media\/594"}],"wp:attachment":[{"href":"http:\/\/cmz.pl\/index.php\/wp-json\/wp\/v2\/media?parent=576"}],"wp:term":[{"taxonomy":"category","embeddable":true,"href":"http:\/\/cmz.pl\/index.php\/wp-json\/wp\/v2\/categories?post=576"},{"taxonomy":"post_tag","embeddable":true,"href":"http:\/\/cmz.pl\/index.php\/wp-json\/wp\/v2\/tags?post=576"}],"curies":[{"name":"wp","href":"https:\/\/api.w.org\/{rel}","templated":true}]}}