{"id":4927,"date":"2017-08-31T13:25:20","date_gmt":"2017-08-31T11:25:20","guid":{"rendered":"http:\/\/cmz.pl\/?p=4927"},"modified":"2019-08-28T00:18:12","modified_gmt":"2019-08-27T22:18:12","slug":"dzien-dobry-idealna-dzis-pogoda-dla-cabrio-az-zaczynam-zalowac-ze-sie-tutaj-jednym-z-nich-nie-wybralem","status":"publish","type":"post","link":"http:\/\/cmz.pl\/index.php\/2017\/08\/31\/dzien-dobry-idealna-dzis-pogoda-dla-cabrio-az-zaczynam-zalowac-ze-sie-tutaj-jednym-z-nich-nie-wybralem\/","title":{"rendered":"Dzie\u0144 dobry, idealna dzi\u015b pogoda dla cabrio, a\u017c zaczynam \u017ca\u0142owa\u0107, \u017ce si\u0119 tutaj jednym z nich nie wybra\u0142em."},"content":{"rendered":"<p>[vc_row][vc_column][vc_column_text]Dzie\u0144 dobry, idealna dzi\u015b pogoda dla cabrio, a\u017c zaczynam \u017ca\u0142owa\u0107, \u017ce si\u0119 tutaj jednym z nich nie wybra\u0142em.<\/p>\n<p><a class=\"_58cn\" href=\"https:\/\/www.facebook.com\/hashtag\/bezdachu?source=feed_text&amp;epa=HASHTAG&amp;__xts__%5B0%5D=68.ARDJ7sTMG_ANuZ__vgTVnpKuBGcHCdjXXB7cpvSh0m9IOZijUnfaW5Oba8A2xfinWZKa5aB3fsErdIYn8FZSOJIqHFyHWeWWeUHIy0hYBufFrAkjUilt5x0ghLYkk4ADTUtSECl4W1JUwOxajDwJGnza1ONGVt0NpiCELX3-ni7zF1dqb3FuF7COHsxdbvae9h7FEF8sSed3kPkIKYe1tA3hXWh48_ze_yRD5aqD3rCLzw5m8uhUd9fzKTSwkiGDyHNNddFloOWg8D0o0bV83OL5XxRChvRB-2mwjrhCQd5kdvxqzvDrt6_O0kZ8QGNZAJrlkBuWuhVASJ59zlLt52AmQw&amp;__tn__=%2ANK-R\" data-ft=\"{&quot;type&quot;:104,&quot;tn&quot;:&quot;*N&quot;}\"><span class=\"_5afx\"><span class=\"_58cl _5afz\" aria-label=\"znacznik #\">#<\/span><span class=\"_58cm\">bezdachu<\/span><\/span><\/a>\u00a0<a class=\"_58cn\" href=\"https:\/\/www.facebook.com\/hashtag\/wakacje?source=feed_text&amp;epa=HASHTAG&amp;__xts__%5B0%5D=68.ARDJ7sTMG_ANuZ__vgTVnpKuBGcHCdjXXB7cpvSh0m9IOZijUnfaW5Oba8A2xfinWZKa5aB3fsErdIYn8FZSOJIqHFyHWeWWeUHIy0hYBufFrAkjUilt5x0ghLYkk4ADTUtSECl4W1JUwOxajDwJGnza1ONGVt0NpiCELX3-ni7zF1dqb3FuF7COHsxdbvae9h7FEF8sSed3kPkIKYe1tA3hXWh48_ze_yRD5aqD3rCLzw5m8uhUd9fzKTSwkiGDyHNNddFloOWg8D0o0bV83OL5XxRChvRB-2mwjrhCQd5kdvxqzvDrt6_O0kZ8QGNZAJrlkBuWuhVASJ59zlLt52AmQw&amp;__tn__=%2ANK-R\" data-ft=\"{&quot;type&quot;:104,&quot;tn&quot;:&quot;*N&quot;}\"><span class=\"_5afx\"><span class=\"_58cl _5afz\" aria-label=\"znacznik #\">#<\/span><span class=\"_58cm\">wakacje<\/span><\/span><\/a>\u00a0<a class=\"_58cn\" href=\"https:\/\/www.facebook.com\/hashtag\/s%C5%82o%C5%84ce?source=feed_text&amp;epa=HASHTAG&amp;__xts__%5B0%5D=68.ARDJ7sTMG_ANuZ__vgTVnpKuBGcHCdjXXB7cpvSh0m9IOZijUnfaW5Oba8A2xfinWZKa5aB3fsErdIYn8FZSOJIqHFyHWeWWeUHIy0hYBufFrAkjUilt5x0ghLYkk4ADTUtSECl4W1JUwOxajDwJGnza1ONGVt0NpiCELX3-ni7zF1dqb3FuF7COHsxdbvae9h7FEF8sSed3kPkIKYe1tA3hXWh48_ze_yRD5aqD3rCLzw5m8uhUd9fzKTSwkiGDyHNNddFloOWg8D0o0bV83OL5XxRChvRB-2mwjrhCQd5kdvxqzvDrt6_O0kZ8QGNZAJrlkBuWuhVASJ59zlLt52AmQw&amp;__tn__=%2ANK-R\" data-ft=\"{&quot;type&quot;:104,&quot;tn&quot;:&quot;*N&quot;}\"><span class=\"_5afx\"><span class=\"_58cl _5afz\" aria-label=\"znacznik #\">#<\/span><span class=\"_58cm\">s\u0142o\u0144ce<\/span><\/span><\/a>\u00a0<a class=\"_58cn\" href=\"https:\/\/www.facebook.com\/hashtag\/frajda?source=feed_text&amp;epa=HASHTAG&amp;__xts__%5B0%5D=68.ARDJ7sTMG_ANuZ__vgTVnpKuBGcHCdjXXB7cpvSh0m9IOZijUnfaW5Oba8A2xfinWZKa5aB3fsErdIYn8FZSOJIqHFyHWeWWeUHIy0hYBufFrAkjUilt5x0ghLYkk4ADTUtSECl4W1JUwOxajDwJGnza1ONGVt0NpiCELX3-ni7zF1dqb3FuF7COHsxdbvae9h7FEF8sSed3kPkIKYe1tA3hXWh48_ze_yRD5aqD3rCLzw5m8uhUd9fzKTSwkiGDyHNNddFloOWg8D0o0bV83OL5XxRChvRB-2mwjrhCQd5kdvxqzvDrt6_O0kZ8QGNZAJrlkBuWuhVASJ59zlLt52AmQw&amp;__tn__=%2ANK-R\" data-ft=\"{&quot;type&quot;:104,&quot;tn&quot;:&quot;*N&quot;}\"><span class=\"_5afx\"><span class=\"_58cl _5afz\" aria-label=\"znacznik #\">#<\/span><span class=\"_58cm\">frajda<\/span><\/span><\/a>\u00a0<a class=\"_58cn\" href=\"https:\/\/www.facebook.com\/hashtag\/boje%C5%BAdzi%C4%87totrzaumi%C4%87?source=feed_text&amp;epa=HASHTAG&amp;__xts__%5B0%5D=68.ARDJ7sTMG_ANuZ__vgTVnpKuBGcHCdjXXB7cpvSh0m9IOZijUnfaW5Oba8A2xfinWZKa5aB3fsErdIYn8FZSOJIqHFyHWeWWeUHIy0hYBufFrAkjUilt5x0ghLYkk4ADTUtSECl4W1JUwOxajDwJGnza1ONGVt0NpiCELX3-ni7zF1dqb3FuF7COHsxdbvae9h7FEF8sSed3kPkIKYe1tA3hXWh48_ze_yRD5aqD3rCLzw5m8uhUd9fzKTSwkiGDyHNNddFloOWg8D0o0bV83OL5XxRChvRB-2mwjrhCQd5kdvxqzvDrt6_O0kZ8QGNZAJrlkBuWuhVASJ59zlLt52AmQw&amp;__tn__=%2ANK-R\" data-ft=\"{&quot;type&quot;:104,&quot;tn&quot;:&quot;*N&quot;}\"><span class=\"_5afx\"><span class=\"_58cl _5afz\" aria-label=\"znacznik #\">#<\/span><span class=\"_58cm\">boje\u017adzi\u0107totrzaumi\u0107<\/span><\/span><\/a>[\/vc_column_text][\/vc_column][\/vc_row]<\/p>\n","protected":false},"excerpt":{"rendered":"<p>[vc_row][vc_column][vc_column_text]Dzie\u0144 dobry, idealna dzi\u015b pogoda dla cabrio, a\u017c zaczynam \u017ca\u0142owa\u0107, \u017ce si\u0119 tutaj jednym z nich nie wybra\u0142em. #bezdachu\u00a0#wakacje\u00a0#s\u0142o\u0144ce\u00a0#frajda\u00a0#boje\u017adzi\u0107totrzaumi\u0107[\/vc_column_text][\/vc_column][\/vc_row]<\/p>\n","protected":false},"author":2,"featured_media":4928,"comment_status":"open","ping_status":"open","sticky":false,"template":"","format":"image","meta":[],"categories":[2,8],"tags":[43],"yoast_head":"<!-- This site is optimized with the Yoast SEO plugin v20.4 - https:\/\/yoast.com\/wordpress\/plugins\/seo\/ -->\n<title>Dzie\u0144 dobry, idealna dzi\u015b pogoda dla cabrio, a\u017c zaczynam \u017ca\u0142owa\u0107, \u017ce si\u0119 tutaj jednym z nich nie wybra\u0142em. - Centrum Moto Zawady<\/title>\n<meta name=\"robots\" content=\"index, follow, max-snippet:-1, max-image-preview:large, max-video-preview:-1\" \/>\n<link rel=\"canonical\" href=\"http:\/\/cmz.pl\/index.php\/2017\/08\/31\/dzien-dobry-idealna-dzis-pogoda-dla-cabrio-az-zaczynam-zalowac-ze-sie-tutaj-jednym-z-nich-nie-wybralem\/\" \/>\n<meta property=\"og:locale\" content=\"pl_PL\" \/>\n<meta property=\"og:type\" content=\"article\" \/>\n<meta property=\"og:title\" content=\"Dzie\u0144 dobry, idealna dzi\u015b pogoda dla cabrio, a\u017c zaczynam \u017ca\u0142owa\u0107, \u017ce si\u0119 tutaj jednym z nich nie wybra\u0142em. - Centrum Moto Zawady\" \/>\n<meta property=\"og:description\" content=\"[vc_row][vc_column][vc_column_text]Dzie\u0144 dobry, idealna dzi\u015b pogoda dla cabrio, a\u017c zaczynam \u017ca\u0142owa\u0107, \u017ce si\u0119 tutaj jednym z nich nie wybra\u0142em. #bezdachu\u00a0#wakacje\u00a0#s\u0142o\u0144ce\u00a0#frajda\u00a0#boje\u017adzi\u0107totrzaumi\u0107[\/vc_column_text][\/vc_column][\/vc_row]\" \/>\n<meta property=\"og:url\" content=\"http:\/\/cmz.pl\/index.php\/2017\/08\/31\/dzien-dobry-idealna-dzis-pogoda-dla-cabrio-az-zaczynam-zalowac-ze-sie-tutaj-jednym-z-nich-nie-wybralem\/\" \/>\n<meta property=\"og:site_name\" content=\"Centrum Moto Zawady\" \/>\n<meta property=\"article:publisher\" content=\"https:\/\/www.facebook.com\/CentrumMotoZawady\" \/>\n<meta property=\"article:published_time\" content=\"2017-08-31T11:25:20+00:00\" \/>\n<meta property=\"article:modified_time\" content=\"2019-08-27T22:18:12+00:00\" \/>\n<meta property=\"og:image\" content=\"http:\/\/cmz.pl\/wp-content\/uploads\/2019\/08\/21246346_1661341753935784_8778014465333467978_o.jpg\" \/>\n\t<meta property=\"og:image:width\" content=\"1024\" \/>\n\t<meta property=\"og:image:height\" content=\"576\" \/>\n\t<meta property=\"og:image:type\" content=\"image\/jpeg\" \/>\n<meta name=\"author\" content=\"Daro\" \/>\n<meta name=\"twitter:card\" content=\"summary_large_image\" \/>\n<meta name=\"twitter:label1\" content=\"Napisane przez\" \/>\n\t<meta name=\"twitter:data1\" content=\"Daro\" \/>\n<script type=\"application\/ld+json\" class=\"yoast-schema-graph\">{\"@context\":\"https:\/\/schema.org\",\"@graph\":[{\"@type\":\"Article\",\"@id\":\"http:\/\/cmz.pl\/index.php\/2017\/08\/31\/dzien-dobry-idealna-dzis-pogoda-dla-cabrio-az-zaczynam-zalowac-ze-sie-tutaj-jednym-z-nich-nie-wybralem\/#article\",\"isPartOf\":{\"@id\":\"http:\/\/cmz.pl\/index.php\/2017\/08\/31\/dzien-dobry-idealna-dzis-pogoda-dla-cabrio-az-zaczynam-zalowac-ze-sie-tutaj-jednym-z-nich-nie-wybralem\/\"},\"author\":{\"name\":\"Daro\",\"@id\":\"https:\/\/cmz.pl\/#\/schema\/person\/3ee9b09f412cdc5fa1b18670e12417cb\"},\"headline\":\"Dzie\u0144 dobry, idealna dzi\u015b pogoda dla cabrio, a\u017c zaczynam \u017ca\u0142owa\u0107, \u017ce si\u0119 tutaj jednym z nich nie wybra\u0142em.\",\"datePublished\":\"2017-08-31T11:25:20+00:00\",\"dateModified\":\"2019-08-27T22:18:12+00:00\",\"mainEntityOfPage\":{\"@id\":\"http:\/\/cmz.pl\/index.php\/2017\/08\/31\/dzien-dobry-idealna-dzis-pogoda-dla-cabrio-az-zaczynam-zalowac-ze-sie-tutaj-jednym-z-nich-nie-wybralem\/\"},\"wordCount\":63,\"commentCount\":0,\"publisher\":{\"@id\":\"https:\/\/cmz.pl\/#organization\"},\"keywords\":[\"mercedes\"],\"articleSection\":[\"CMZ\",\"Mercedes\"],\"inLanguage\":\"pl-PL\",\"potentialAction\":[{\"@type\":\"CommentAction\",\"name\":\"Comment\",\"target\":[\"http:\/\/cmz.pl\/index.php\/2017\/08\/31\/dzien-dobry-idealna-dzis-pogoda-dla-cabrio-az-zaczynam-zalowac-ze-sie-tutaj-jednym-z-nich-nie-wybralem\/#respond\"]}]},{\"@type\":\"WebPage\",\"@id\":\"http:\/\/cmz.pl\/index.php\/2017\/08\/31\/dzien-dobry-idealna-dzis-pogoda-dla-cabrio-az-zaczynam-zalowac-ze-sie-tutaj-jednym-z-nich-nie-wybralem\/\",\"url\":\"http:\/\/cmz.pl\/index.php\/2017\/08\/31\/dzien-dobry-idealna-dzis-pogoda-dla-cabrio-az-zaczynam-zalowac-ze-sie-tutaj-jednym-z-nich-nie-wybralem\/\",\"name\":\"Dzie\u0144 dobry, idealna dzi\u015b pogoda dla cabrio, a\u017c zaczynam \u017ca\u0142owa\u0107, \u017ce si\u0119 tutaj jednym z nich nie wybra\u0142em. - Centrum Moto Zawady\",\"isPartOf\":{\"@id\":\"https:\/\/cmz.pl\/#website\"},\"datePublished\":\"2017-08-31T11:25:20+00:00\",\"dateModified\":\"2019-08-27T22:18:12+00:00\",\"breadcrumb\":{\"@id\":\"http:\/\/cmz.pl\/index.php\/2017\/08\/31\/dzien-dobry-idealna-dzis-pogoda-dla-cabrio-az-zaczynam-zalowac-ze-sie-tutaj-jednym-z-nich-nie-wybralem\/#breadcrumb\"},\"inLanguage\":\"pl-PL\",\"potentialAction\":[{\"@type\":\"ReadAction\",\"target\":[\"http:\/\/cmz.pl\/index.php\/2017\/08\/31\/dzien-dobry-idealna-dzis-pogoda-dla-cabrio-az-zaczynam-zalowac-ze-sie-tutaj-jednym-z-nich-nie-wybralem\/\"]}]},{\"@type\":\"BreadcrumbList\",\"@id\":\"http:\/\/cmz.pl\/index.php\/2017\/08\/31\/dzien-dobry-idealna-dzis-pogoda-dla-cabrio-az-zaczynam-zalowac-ze-sie-tutaj-jednym-z-nich-nie-wybralem\/#breadcrumb\",\"itemListElement\":[{\"@type\":\"ListItem\",\"position\":1,\"name\":\"Strona g\u0142\u00f3wna\",\"item\":\"https:\/\/cmz.pl\/\"},{\"@type\":\"ListItem\",\"position\":2,\"name\":\"Dzie\u0144 dobry, idealna dzi\u015b pogoda dla cabrio, a\u017c zaczynam \u017ca\u0142owa\u0107, \u017ce si\u0119 tutaj jednym z nich nie wybra\u0142em.\"}]},{\"@type\":\"WebSite\",\"@id\":\"https:\/\/cmz.pl\/#website\",\"url\":\"https:\/\/cmz.pl\/\",\"name\":\"Centrum Moto Zawady\",\"description\":\"Blog Motoryzacyjny\",\"publisher\":{\"@id\":\"https:\/\/cmz.pl\/#organization\"},\"potentialAction\":[{\"@type\":\"SearchAction\",\"target\":{\"@type\":\"EntryPoint\",\"urlTemplate\":\"https:\/\/cmz.pl\/?s={search_term_string}\"},\"query-input\":\"required name=search_term_string\"}],\"inLanguage\":\"pl-PL\"},{\"@type\":\"Organization\",\"@id\":\"https:\/\/cmz.pl\/#organization\",\"name\":\"Centrum Moto Zawady\",\"url\":\"https:\/\/cmz.pl\/\",\"logo\":{\"@type\":\"ImageObject\",\"inLanguage\":\"pl-PL\",\"@id\":\"https:\/\/cmz.pl\/#\/schema\/logo\/image\/\",\"url\":\"http:\/\/cmz.pl\/wp-content\/uploads\/2019\/08\/CMZ_logo_new.jpg\",\"contentUrl\":\"http:\/\/cmz.pl\/wp-content\/uploads\/2019\/08\/CMZ_logo_new.jpg\",\"width\":1500,\"height\":1500,\"caption\":\"Centrum Moto Zawady\"},\"image\":{\"@id\":\"https:\/\/cmz.pl\/#\/schema\/logo\/image\/\"},\"sameAs\":[\"https:\/\/www.facebook.com\/CentrumMotoZawady\"]},{\"@type\":\"Person\",\"@id\":\"https:\/\/cmz.pl\/#\/schema\/person\/3ee9b09f412cdc5fa1b18670e12417cb\",\"name\":\"Daro\",\"image\":{\"@type\":\"ImageObject\",\"inLanguage\":\"pl-PL\",\"@id\":\"https:\/\/cmz.pl\/#\/schema\/person\/image\/\",\"url\":\"http:\/\/2.gravatar.com\/avatar\/598cfdeacf401dae7156d04f2632ffcf?s=96&d=mm&r=g\",\"contentUrl\":\"http:\/\/2.gravatar.com\/avatar\/598cfdeacf401dae7156d04f2632ffcf?s=96&d=mm&r=g\",\"caption\":\"Daro\"},\"url\":\"http:\/\/cmz.pl\/index.php\/author\/darodaro\/\"}]}<\/script>\n<!-- \/ Yoast SEO plugin. -->","yoast_head_json":{"title":"Dzie\u0144 dobry, idealna dzi\u015b pogoda dla cabrio, a\u017c zaczynam \u017ca\u0142owa\u0107, \u017ce si\u0119 tutaj jednym z nich nie wybra\u0142em. - Centrum Moto Zawady","robots":{"index":"index","follow":"follow","max-snippet":"max-snippet:-1","max-image-preview":"max-image-preview:large","max-video-preview":"max-video-preview:-1"},"canonical":"http:\/\/cmz.pl\/index.php\/2017\/08\/31\/dzien-dobry-idealna-dzis-pogoda-dla-cabrio-az-zaczynam-zalowac-ze-sie-tutaj-jednym-z-nich-nie-wybralem\/","og_locale":"pl_PL","og_type":"article","og_title":"Dzie\u0144 dobry, idealna dzi\u015b pogoda dla cabrio, a\u017c zaczynam \u017ca\u0142owa\u0107, \u017ce si\u0119 tutaj jednym z nich nie wybra\u0142em. - Centrum Moto Zawady","og_description":"[vc_row][vc_column][vc_column_text]Dzie\u0144 dobry, idealna dzi\u015b pogoda dla cabrio, a\u017c zaczynam \u017ca\u0142owa\u0107, \u017ce si\u0119 tutaj jednym z nich nie wybra\u0142em. #bezdachu\u00a0#wakacje\u00a0#s\u0142o\u0144ce\u00a0#frajda\u00a0#boje\u017adzi\u0107totrzaumi\u0107[\/vc_column_text][\/vc_column][\/vc_row]","og_url":"http:\/\/cmz.pl\/index.php\/2017\/08\/31\/dzien-dobry-idealna-dzis-pogoda-dla-cabrio-az-zaczynam-zalowac-ze-sie-tutaj-jednym-z-nich-nie-wybralem\/","og_site_name":"Centrum Moto Zawady","article_publisher":"https:\/\/www.facebook.com\/CentrumMotoZawady","article_published_time":"2017-08-31T11:25:20+00:00","article_modified_time":"2019-08-27T22:18:12+00:00","og_image":[{"width":1024,"height":576,"url":"http:\/\/cmz.pl\/wp-content\/uploads\/2019\/08\/21246346_1661341753935784_8778014465333467978_o.jpg","type":"image\/jpeg"}],"author":"Daro","twitter_card":"summary_large_image","twitter_misc":{"Napisane przez":"Daro"},"schema":{"@context":"https:\/\/schema.org","@graph":[{"@type":"Article","@id":"http:\/\/cmz.pl\/index.php\/2017\/08\/31\/dzien-dobry-idealna-dzis-pogoda-dla-cabrio-az-zaczynam-zalowac-ze-sie-tutaj-jednym-z-nich-nie-wybralem\/#article","isPartOf":{"@id":"http:\/\/cmz.pl\/index.php\/2017\/08\/31\/dzien-dobry-idealna-dzis-pogoda-dla-cabrio-az-zaczynam-zalowac-ze-sie-tutaj-jednym-z-nich-nie-wybralem\/"},"author":{"name":"Daro","@id":"https:\/\/cmz.pl\/#\/schema\/person\/3ee9b09f412cdc5fa1b18670e12417cb"},"headline":"Dzie\u0144 dobry, idealna dzi\u015b pogoda dla cabrio, a\u017c zaczynam \u017ca\u0142owa\u0107, \u017ce si\u0119 tutaj jednym z nich nie wybra\u0142em.","datePublished":"2017-08-31T11:25:20+00:00","dateModified":"2019-08-27T22:18:12+00:00","mainEntityOfPage":{"@id":"http:\/\/cmz.pl\/index.php\/2017\/08\/31\/dzien-dobry-idealna-dzis-pogoda-dla-cabrio-az-zaczynam-zalowac-ze-sie-tutaj-jednym-z-nich-nie-wybralem\/"},"wordCount":63,"commentCount":0,"publisher":{"@id":"https:\/\/cmz.pl\/#organization"},"keywords":["mercedes"],"articleSection":["CMZ","Mercedes"],"inLanguage":"pl-PL","potentialAction":[{"@type":"CommentAction","name":"Comment","target":["http:\/\/cmz.pl\/index.php\/2017\/08\/31\/dzien-dobry-idealna-dzis-pogoda-dla-cabrio-az-zaczynam-zalowac-ze-sie-tutaj-jednym-z-nich-nie-wybralem\/#respond"]}]},{"@type":"WebPage","@id":"http:\/\/cmz.pl\/index.php\/2017\/08\/31\/dzien-dobry-idealna-dzis-pogoda-dla-cabrio-az-zaczynam-zalowac-ze-sie-tutaj-jednym-z-nich-nie-wybralem\/","url":"http:\/\/cmz.pl\/index.php\/2017\/08\/31\/dzien-dobry-idealna-dzis-pogoda-dla-cabrio-az-zaczynam-zalowac-ze-sie-tutaj-jednym-z-nich-nie-wybralem\/","name":"Dzie\u0144 dobry, idealna dzi\u015b pogoda dla cabrio, a\u017c zaczynam \u017ca\u0142owa\u0107, \u017ce si\u0119 tutaj jednym z nich nie wybra\u0142em. - Centrum Moto Zawady","isPartOf":{"@id":"https:\/\/cmz.pl\/#website"},"datePublished":"2017-08-31T11:25:20+00:00","dateModified":"2019-08-27T22:18:12+00:00","breadcrumb":{"@id":"http:\/\/cmz.pl\/index.php\/2017\/08\/31\/dzien-dobry-idealna-dzis-pogoda-dla-cabrio-az-zaczynam-zalowac-ze-sie-tutaj-jednym-z-nich-nie-wybralem\/#breadcrumb"},"inLanguage":"pl-PL","potentialAction":[{"@type":"ReadAction","target":["http:\/\/cmz.pl\/index.php\/2017\/08\/31\/dzien-dobry-idealna-dzis-pogoda-dla-cabrio-az-zaczynam-zalowac-ze-sie-tutaj-jednym-z-nich-nie-wybralem\/"]}]},{"@type":"BreadcrumbList","@id":"http:\/\/cmz.pl\/index.php\/2017\/08\/31\/dzien-dobry-idealna-dzis-pogoda-dla-cabrio-az-zaczynam-zalowac-ze-sie-tutaj-jednym-z-nich-nie-wybralem\/#breadcrumb","itemListElement":[{"@type":"ListItem","position":1,"name":"Strona g\u0142\u00f3wna","item":"https:\/\/cmz.pl\/"},{"@type":"ListItem","position":2,"name":"Dzie\u0144 dobry, idealna dzi\u015b pogoda dla cabrio, a\u017c zaczynam \u017ca\u0142owa\u0107, \u017ce si\u0119 tutaj jednym z nich nie wybra\u0142em."}]},{"@type":"WebSite","@id":"https:\/\/cmz.pl\/#website","url":"https:\/\/cmz.pl\/","name":"Centrum Moto Zawady","description":"Blog Motoryzacyjny","publisher":{"@id":"https:\/\/cmz.pl\/#organization"},"potentialAction":[{"@type":"SearchAction","target":{"@type":"EntryPoint","urlTemplate":"https:\/\/cmz.pl\/?s={search_term_string}"},"query-input":"required name=search_term_string"}],"inLanguage":"pl-PL"},{"@type":"Organization","@id":"https:\/\/cmz.pl\/#organization","name":"Centrum Moto Zawady","url":"https:\/\/cmz.pl\/","logo":{"@type":"ImageObject","inLanguage":"pl-PL","@id":"https:\/\/cmz.pl\/#\/schema\/logo\/image\/","url":"http:\/\/cmz.pl\/wp-content\/uploads\/2019\/08\/CMZ_logo_new.jpg","contentUrl":"http:\/\/cmz.pl\/wp-content\/uploads\/2019\/08\/CMZ_logo_new.jpg","width":1500,"height":1500,"caption":"Centrum Moto Zawady"},"image":{"@id":"https:\/\/cmz.pl\/#\/schema\/logo\/image\/"},"sameAs":["https:\/\/www.facebook.com\/CentrumMotoZawady"]},{"@type":"Person","@id":"https:\/\/cmz.pl\/#\/schema\/person\/3ee9b09f412cdc5fa1b18670e12417cb","name":"Daro","image":{"@type":"ImageObject","inLanguage":"pl-PL","@id":"https:\/\/cmz.pl\/#\/schema\/person\/image\/","url":"http:\/\/2.gravatar.com\/avatar\/598cfdeacf401dae7156d04f2632ffcf?s=96&d=mm&r=g","contentUrl":"http:\/\/2.gravatar.com\/avatar\/598cfdeacf401dae7156d04f2632ffcf?s=96&d=mm&r=g","caption":"Daro"},"url":"http:\/\/cmz.pl\/index.php\/author\/darodaro\/"}]}},"_links":{"self":[{"href":"http:\/\/cmz.pl\/index.php\/wp-json\/wp\/v2\/posts\/4927"}],"collection":[{"href":"http:\/\/cmz.pl\/index.php\/wp-json\/wp\/v2\/posts"}],"about":[{"href":"http:\/\/cmz.pl\/index.php\/wp-json\/wp\/v2\/types\/post"}],"author":[{"embeddable":true,"href":"http:\/\/cmz.pl\/index.php\/wp-json\/wp\/v2\/users\/2"}],"replies":[{"embeddable":true,"href":"http:\/\/cmz.pl\/index.php\/wp-json\/wp\/v2\/comments?post=4927"}],"version-history":[{"count":1,"href":"http:\/\/cmz.pl\/index.php\/wp-json\/wp\/v2\/posts\/4927\/revisions"}],"predecessor-version":[{"id":4929,"href":"http:\/\/cmz.pl\/index.php\/wp-json\/wp\/v2\/posts\/4927\/revisions\/4929"}],"wp:featuredmedia":[{"embeddable":true,"href":"http:\/\/cmz.pl\/index.php\/wp-json\/wp\/v2\/media\/4928"}],"wp:attachment":[{"href":"http:\/\/cmz.pl\/index.php\/wp-json\/wp\/v2\/media?parent=4927"}],"wp:term":[{"taxonomy":"category","embeddable":true,"href":"http:\/\/cmz.pl\/index.php\/wp-json\/wp\/v2\/categories?post=4927"},{"taxonomy":"post_tag","embeddable":true,"href":"http:\/\/cmz.pl\/index.php\/wp-json\/wp\/v2\/tags?post=4927"}],"curies":[{"name":"wp","href":"https:\/\/api.w.org\/{rel}","templated":true}]}}